{"id":19118,"date":"2026-03-06T19:03:56","date_gmt":"2026-03-07T01:03:56","guid":{"rendered":"https:\/\/munidejutiapa.gob.gt\/?p=19118"},"modified":"2026-03-16T17:04:08","modified_gmt":"2026-03-16T23:04:08","slug":"inauguracion-de-la-nueva-ruta-volcan-culma-barrio-latino","status":"publish","type":"post","link":"https:\/\/munidejutiapa.gob.gt\/?p=19118","title":{"rendered":"Inauguraci\u00f3n de la nueva ruta Volc\u00e1n Culma \u2013Barrio Latino"},"content":{"rendered":"<div class=\"xdj266r x14z9mp xat24cr x1lziwak x1vvkbs x126k92a\">\n<div dir=\"auto\">\u00a1Nueva ruta habilitada: Conexi\u00f3n Volc\u00e1n Culma &#8211; Barrio Latino!<\/div>\n<div dir=\"auto\"><\/div>\n<div dir=\"auto\" style=\"text-align: justify;\">\u200bEste mediod\u00eda, nuestro alcalde, el Ing. Oscar Pineda, realiz\u00f3 el corte de cinta inaugural de la nueva calle que conecta la ruta CA1 desde un costado del volc\u00e1n Culma con el Barrio Latino.<\/div>\n<\/div>\n<div class=\"x14z9mp xat24cr x1lziwak x1vvkbs xtlvy1s x126k92a\">\n<div dir=\"auto\" style=\"text-align: justify;\">\u200bFue un evento memorable, donde cientos de vecinos nos acompa\u00f1aron para celebrar esta obra que transforma la movilidad en este sector. La comunidad expres\u00f3 su satisfacci\u00f3n al ser testigo de una gesti\u00f3n que trabaja intensamente para responder a las necesidades hist\u00f3ricas de nuestro municipio, marcando un antes y un despu\u00e9s en la ejecuci\u00f3n de obras p\u00fablicas en Jutiapa.<\/div>\n<\/div>\n<p>&nbsp;<\/p>\n<div><\/div>\n","protected":false},"excerpt":{"rendered":"<p>\u00a1Nueva ruta habilitada: Conexi\u00f3n Volc\u00e1n Culma &#8211; Barrio Latino! \u200bEste mediod\u00eda, nuestro alcalde, el Ing. Oscar Pineda, realiz\u00f3 el corte de cinta inaugural de la nueva calle que conecta la ruta CA1 desde un costado del volc\u00e1n Culma con el Barrio Latino. \u200bFue un evento memorable, donde cientos de vecinos nos acompa\u00f1aron para celebrar esta [&hellip;]<\/p>\n","protected":false},"author":1,"featured_media":19106,"comment_status":"closed","ping_status":"open","sticky":false,"template":"","format":"gallery","meta":{"_uag_custom_page_level_css":""},"categories":[4],"tags":[178],"uagb_featured_image_src":{"full":["https:\/\/munidejutiapa.gob.gt\/wp-content\/uploads\/2026\/03\/01-8.gif",900,600,false],"thumbnail":["https:\/\/munidejutiapa.gob.gt\/wp-content\/uploads\/2026\/03\/01-8-150x150.gif",150,150,true],"medium":["https:\/\/munidejutiapa.gob.gt\/wp-content\/uploads\/2026\/03\/01-8-300x200.gif",300,200,true],"medium_large":["https:\/\/munidejutiapa.gob.gt\/wp-content\/uploads\/2026\/03\/01-8-768x512.gif",740,493,true],"large":["https:\/\/munidejutiapa.gob.gt\/wp-content\/uploads\/2026\/03\/01-8.gif",740,493,false],"1536x1536":["https:\/\/munidejutiapa.gob.gt\/wp-content\/uploads\/2026\/03\/01-8.gif",900,600,false],"2048x2048":["https:\/\/munidejutiapa.gob.gt\/wp-content\/uploads\/2026\/03\/01-8.gif",900,600,false],"post-thumbnail":["https:\/\/munidejutiapa.gob.gt\/wp-content\/uploads\/2026\/03\/01-8.gif",900,600,false],"mvp-post-thumb":["https:\/\/munidejutiapa.gob.gt\/wp-content\/uploads\/2026\/03\/01-8.gif",900,600,false],"mvp-port-thumb":["https:\/\/munidejutiapa.gob.gt\/wp-content\/uploads\/2026\/03\/01-8-560x600.gif",560,600,true],"mvp-large-thumb":["https:\/\/munidejutiapa.gob.gt\/wp-content\/uploads\/2026\/03\/01-8-590x354.gif",590,354,true],"mvp-mid-thumb":["https:\/\/munidejutiapa.gob.gt\/wp-content\/uploads\/2026\/03\/01-8-400x240.gif",400,240,true],"mvp-small-thumb":["https:\/\/munidejutiapa.gob.gt\/wp-content\/uploads\/2026\/03\/01-8-80x80.gif",80,80,true]},"uagb_author_info":{"display_name":"Municipalidad de Jutiapa","author_link":"https:\/\/munidejutiapa.gob.gt\/?author=1"},"uagb_comment_info":0,"uagb_excerpt":"\u00a1Nueva ruta habilitada: Conexi\u00f3n Volc\u00e1n Culma &#8211; Barrio Latino! \u200bEste mediod\u00eda, nuestro alcalde, el Ing. Oscar Pineda, realiz\u00f3 el corte de cinta inaugural de la nueva calle que conecta la ruta CA1 desde un costado del volc\u00e1n Culma con el Barrio Latino. \u200bFue un evento memorable, donde cientos de vecinos nos acompa\u00f1aron para celebrar esta&hellip;","_links":{"self":[{"href":"https:\/\/munidejutiapa.gob.gt\/index.php?rest_route=\/wp\/v2\/posts\/19118"}],"collection":[{"href":"https:\/\/munidejutiapa.gob.gt\/index.php?rest_route=\/wp\/v2\/posts"}],"about":[{"href":"https:\/\/munidejutiapa.gob.gt\/index.php?rest_route=\/wp\/v2\/types\/post"}],"author":[{"embeddable":true,"href":"https:\/\/munidejutiapa.gob.gt\/index.php?rest_route=\/wp\/v2\/users\/1"}],"replies":[{"embeddable":true,"href":"https:\/\/munidejutiapa.gob.gt\/index.php?rest_route=%2Fwp%2Fv2%2Fcomments&post=19118"}],"version-history":[{"count":1,"href":"https:\/\/munidejutiapa.gob.gt\/index.php?rest_route=\/wp\/v2\/posts\/19118\/revisions"}],"predecessor-version":[{"id":19119,"href":"https:\/\/munidejutiapa.gob.gt\/index.php?rest_route=\/wp\/v2\/posts\/19118\/revisions\/19119"}],"wp:featuredmedia":[{"embeddable":true,"href":"https:\/\/munidejutiapa.gob.gt\/index.php?rest_route=\/wp\/v2\/media\/19106"}],"wp:attachment":[{"href":"https:\/\/munidejutiapa.gob.gt\/index.php?rest_route=%2Fwp%2Fv2%2Fmedia&parent=19118"}],"wp:term":[{"taxonomy":"category","embeddable":true,"href":"https:\/\/munidejutiapa.gob.gt\/index.php?rest_route=%2Fwp%2Fv2%2Fcategories&post=19118"},{"taxonomy":"post_tag","embeddable":true,"href":"https:\/\/munidejutiapa.gob.gt\/index.php?rest_route=%2Fwp%2Fv2%2Ftags&post=19118"}],"curies":[{"name":"wp","href":"https:\/\/api.w.org\/{rel}","templated":true}]}}