{"id":19032,"date":"2026-02-06T19:39:41","date_gmt":"2026-02-07T01:39:41","guid":{"rendered":"https:\/\/munidejutiapa.gob.gt\/?p=19032"},"modified":"2026-03-16T08:44:54","modified_gmt":"2026-03-16T14:44:54","slug":"inauguracion-de-dos-proyectos-vitales-para-la-comunidad-de-tunas-ii","status":"publish","type":"post","link":"https:\/\/munidejutiapa.gob.gt\/?p=19032","title":{"rendered":"Inauguraci\u00f3n de dos proyectos vitales para la comunidad de Tunas II"},"content":{"rendered":"<div class=\"xdj266r x14z9mp xat24cr x1lziwak x1vvkbs x126k92a\">\n<div dir=\"auto\" style=\"text-align: justify;\">Hoy celebramos grandes avances para nuestro municipio. Nuestro alcalde, Ing. Oscar Pineda, particip\u00f3 en la inauguraci\u00f3n de dos proyectos vitales para la comunidad de Tunas II.<\/div>\n<\/div>\n<div class=\"x14z9mp xat24cr x1lziwak x1vvkbs xtlvy1s x126k92a\" style=\"text-align: justify;\">\n<div dir=\"auto\">Con gran entusiasmo, se realiz\u00f3 el corte de cinta del nuevo proyecto de pavimentaci\u00f3n, que garantiza rutas m\u00e1s dignas y seguras. Adem\u00e1s, se inaugur\u00f3 oficialmente el proyecto de Agua, una obra de gran impacto que lleva este recurso esencial directamente a cientos de hogares de la localidad.<\/div>\n<\/div>\n<div class=\"x14z9mp xat24cr x1lziwak x1vvkbs xtlvy1s x126k92a\">\n<div dir=\"auto\" style=\"text-align: justify;\">Seguimos trabajando con el compromiso de llevar servicios b\u00e1sicos y mejor infraestructura a cada sector de Jutiapa.<\/div>\n<\/div>\n<p>&nbsp;<\/p>\n<div><\/div>\n","protected":false},"excerpt":{"rendered":"<p>Hoy celebramos grandes avances para nuestro municipio. Nuestro alcalde, Ing. Oscar Pineda, particip\u00f3 en la inauguraci\u00f3n de dos proyectos vitales para la comunidad de Tunas II. Con gran entusiasmo, se realiz\u00f3 el corte de cinta del nuevo proyecto de pavimentaci\u00f3n, que garantiza rutas m\u00e1s dignas y seguras. Adem\u00e1s, se inaugur\u00f3 oficialmente el proyecto de Agua, [&hellip;]<\/p>\n","protected":false},"author":1,"featured_media":19026,"comment_status":"closed","ping_status":"open","sticky":false,"template":"","format":"gallery","meta":{"_uag_custom_page_level_css":""},"categories":[173],"tags":[178],"uagb_featured_image_src":{"full":["https:\/\/munidejutiapa.gob.gt\/wp-content\/uploads\/2026\/03\/01.gif",900,600,false],"thumbnail":["https:\/\/munidejutiapa.gob.gt\/wp-content\/uploads\/2026\/03\/01-150x150.gif",150,150,true],"medium":["https:\/\/munidejutiapa.gob.gt\/wp-content\/uploads\/2026\/03\/01-300x200.gif",300,200,true],"medium_large":["https:\/\/munidejutiapa.gob.gt\/wp-content\/uploads\/2026\/03\/01-768x512.gif",740,493,true],"large":["https:\/\/munidejutiapa.gob.gt\/wp-content\/uploads\/2026\/03\/01.gif",740,493,false],"1536x1536":["https:\/\/munidejutiapa.gob.gt\/wp-content\/uploads\/2026\/03\/01.gif",900,600,false],"2048x2048":["https:\/\/munidejutiapa.gob.gt\/wp-content\/uploads\/2026\/03\/01.gif",900,600,false],"post-thumbnail":["https:\/\/munidejutiapa.gob.gt\/wp-content\/uploads\/2026\/03\/01.gif",900,600,false],"mvp-post-thumb":["https:\/\/munidejutiapa.gob.gt\/wp-content\/uploads\/2026\/03\/01.gif",900,600,false],"mvp-port-thumb":["https:\/\/munidejutiapa.gob.gt\/wp-content\/uploads\/2026\/03\/01-560x600.gif",560,600,true],"mvp-large-thumb":["https:\/\/munidejutiapa.gob.gt\/wp-content\/uploads\/2026\/03\/01-590x354.gif",590,354,true],"mvp-mid-thumb":["https:\/\/munidejutiapa.gob.gt\/wp-content\/uploads\/2026\/03\/01-400x240.gif",400,240,true],"mvp-small-thumb":["https:\/\/munidejutiapa.gob.gt\/wp-content\/uploads\/2026\/03\/01-80x80.gif",80,80,true]},"uagb_author_info":{"display_name":"Municipalidad de Jutiapa","author_link":"https:\/\/munidejutiapa.gob.gt\/?author=1"},"uagb_comment_info":0,"uagb_excerpt":"Hoy celebramos grandes avances para nuestro municipio. Nuestro alcalde, Ing. Oscar Pineda, particip\u00f3 en la inauguraci\u00f3n de dos proyectos vitales para la comunidad de Tunas II. Con gran entusiasmo, se realiz\u00f3 el corte de cinta del nuevo proyecto de pavimentaci\u00f3n, que garantiza rutas m\u00e1s dignas y seguras. Adem\u00e1s, se inaugur\u00f3 oficialmente el proyecto de Agua,&hellip;","_links":{"self":[{"href":"https:\/\/munidejutiapa.gob.gt\/index.php?rest_route=\/wp\/v2\/posts\/19032"}],"collection":[{"href":"https:\/\/munidejutiapa.gob.gt\/index.php?rest_route=\/wp\/v2\/posts"}],"about":[{"href":"https:\/\/munidejutiapa.gob.gt\/index.php?rest_route=\/wp\/v2\/types\/post"}],"author":[{"embeddable":true,"href":"https:\/\/munidejutiapa.gob.gt\/index.php?rest_route=\/wp\/v2\/users\/1"}],"replies":[{"embeddable":true,"href":"https:\/\/munidejutiapa.gob.gt\/index.php?rest_route=%2Fwp%2Fv2%2Fcomments&post=19032"}],"version-history":[{"count":1,"href":"https:\/\/munidejutiapa.gob.gt\/index.php?rest_route=\/wp\/v2\/posts\/19032\/revisions"}],"predecessor-version":[{"id":19033,"href":"https:\/\/munidejutiapa.gob.gt\/index.php?rest_route=\/wp\/v2\/posts\/19032\/revisions\/19033"}],"wp:featuredmedia":[{"embeddable":true,"href":"https:\/\/munidejutiapa.gob.gt\/index.php?rest_route=\/wp\/v2\/media\/19026"}],"wp:attachment":[{"href":"https:\/\/munidejutiapa.gob.gt\/index.php?rest_route=%2Fwp%2Fv2%2Fmedia&parent=19032"}],"wp:term":[{"taxonomy":"category","embeddable":true,"href":"https:\/\/munidejutiapa.gob.gt\/index.php?rest_route=%2Fwp%2Fv2%2Fcategories&post=19032"},{"taxonomy":"post_tag","embeddable":true,"href":"https:\/\/munidejutiapa.gob.gt\/index.php?rest_route=%2Fwp%2Fv2%2Ftags&post=19032"}],"curies":[{"name":"wp","href":"https:\/\/api.w.org\/{rel}","templated":true}]}}