{"id":18663,"date":"2025-10-23T19:53:15","date_gmt":"2025-10-24T01:53:15","guid":{"rendered":"https:\/\/munidejutiapa.gob.gt\/?p=18663"},"modified":"2025-11-05T09:16:43","modified_gmt":"2025-11-05T15:16:43","slug":"proyecto-de-construccion-del-arco-de-bienvenida-a-la-cuna-del-sol-se-encuentra-en-su-fase-final","status":"publish","type":"post","link":"https:\/\/munidejutiapa.gob.gt\/?p=18663","title":{"rendered":"Proyecto de construcci\u00f3n del Arco de Bienvenida a la Cuna del Sol se encuentra en su fase final"},"content":{"rendered":"<div class=\"xdj266r x14z9mp xat24cr x1lziwak x1vvkbs x126k92a\">\n<div dir=\"auto\" style=\"text-align: justify;\">El proyecto de construcci\u00f3n del Arco de Bienvenida a la Cuna del Sol se encuentra en su fase final.<\/div>\n<div dir=\"auto\" style=\"text-align: justify;\"><\/div>\n<\/div>\n<div class=\"x14z9mp xat24cr x1lziwak x1vvkbs xtlvy1s x126k92a\" style=\"text-align: justify;\">\n<div dir=\"auto\">Esta monumental estructura no solo embellecer\u00e1 la entrada a la cabecera departamental, sino que ser\u00e1 el s\u00edmbolo tangible del desarrollo y la modernidad que impulsa nuestra administraci\u00f3n.<\/div>\n<div dir=\"auto\"><\/div>\n<\/div>\n<div class=\"x14z9mp xat24cr x1lziwak x1vvkbs xtlvy1s x126k92a\" style=\"text-align: justify;\">\n<div dir=\"auto\">\u00a1Prep\u00e1rate para recibir a todos con un orgullo renovado!<\/div>\n<\/div>\n<p style=\"text-align: justify;\">\n<p>&nbsp;<\/p>\n<div><\/div>\n","protected":false},"excerpt":{"rendered":"<p>El proyecto de construcci\u00f3n del Arco de Bienvenida a la Cuna del Sol se encuentra en su fase final. Esta monumental estructura no solo embellecer\u00e1 la entrada a la cabecera departamental, sino que ser\u00e1 el s\u00edmbolo tangible del desarrollo y la modernidad que impulsa nuestra administraci\u00f3n. \u00a1Prep\u00e1rate para recibir a todos con un orgullo renovado! [&hellip;]<\/p>\n","protected":false},"author":1,"featured_media":18653,"comment_status":"closed","ping_status":"open","sticky":false,"template":"","format":"gallery","meta":{"_uag_custom_page_level_css":""},"categories":[215],"tags":[178],"uagb_featured_image_src":{"full":["https:\/\/munidejutiapa.gob.gt\/wp-content\/uploads\/2025\/11\/01-14.gif",900,600,false],"thumbnail":["https:\/\/munidejutiapa.gob.gt\/wp-content\/uploads\/2025\/11\/01-14-150x150.gif",150,150,true],"medium":["https:\/\/munidejutiapa.gob.gt\/wp-content\/uploads\/2025\/11\/01-14-300x200.gif",300,200,true],"medium_large":["https:\/\/munidejutiapa.gob.gt\/wp-content\/uploads\/2025\/11\/01-14-768x512.gif",740,493,true],"large":["https:\/\/munidejutiapa.gob.gt\/wp-content\/uploads\/2025\/11\/01-14.gif",740,493,false],"1536x1536":["https:\/\/munidejutiapa.gob.gt\/wp-content\/uploads\/2025\/11\/01-14.gif",900,600,false],"2048x2048":["https:\/\/munidejutiapa.gob.gt\/wp-content\/uploads\/2025\/11\/01-14.gif",900,600,false],"post-thumbnail":["https:\/\/munidejutiapa.gob.gt\/wp-content\/uploads\/2025\/11\/01-14.gif",900,600,false],"mvp-post-thumb":["https:\/\/munidejutiapa.gob.gt\/wp-content\/uploads\/2025\/11\/01-14.gif",900,600,false],"mvp-port-thumb":["https:\/\/munidejutiapa.gob.gt\/wp-content\/uploads\/2025\/11\/01-14-560x600.gif",560,600,true],"mvp-large-thumb":["https:\/\/munidejutiapa.gob.gt\/wp-content\/uploads\/2025\/11\/01-14-590x354.gif",590,354,true],"mvp-mid-thumb":["https:\/\/munidejutiapa.gob.gt\/wp-content\/uploads\/2025\/11\/01-14-400x240.gif",400,240,true],"mvp-small-thumb":["https:\/\/munidejutiapa.gob.gt\/wp-content\/uploads\/2025\/11\/01-14-80x80.gif",80,80,true]},"uagb_author_info":{"display_name":"Municipalidad de Jutiapa","author_link":"https:\/\/munidejutiapa.gob.gt\/?author=1"},"uagb_comment_info":0,"uagb_excerpt":"El proyecto de construcci\u00f3n del Arco de Bienvenida a la Cuna del Sol se encuentra en su fase final. Esta monumental estructura no solo embellecer\u00e1 la entrada a la cabecera departamental, sino que ser\u00e1 el s\u00edmbolo tangible del desarrollo y la modernidad que impulsa nuestra administraci\u00f3n. \u00a1Prep\u00e1rate para recibir a todos con un orgullo renovado!&hellip;","_links":{"self":[{"href":"https:\/\/munidejutiapa.gob.gt\/index.php?rest_route=\/wp\/v2\/posts\/18663"}],"collection":[{"href":"https:\/\/munidejutiapa.gob.gt\/index.php?rest_route=\/wp\/v2\/posts"}],"about":[{"href":"https:\/\/munidejutiapa.gob.gt\/index.php?rest_route=\/wp\/v2\/types\/post"}],"author":[{"embeddable":true,"href":"https:\/\/munidejutiapa.gob.gt\/index.php?rest_route=\/wp\/v2\/users\/1"}],"replies":[{"embeddable":true,"href":"https:\/\/munidejutiapa.gob.gt\/index.php?rest_route=%2Fwp%2Fv2%2Fcomments&post=18663"}],"version-history":[{"count":1,"href":"https:\/\/munidejutiapa.gob.gt\/index.php?rest_route=\/wp\/v2\/posts\/18663\/revisions"}],"predecessor-version":[{"id":18664,"href":"https:\/\/munidejutiapa.gob.gt\/index.php?rest_route=\/wp\/v2\/posts\/18663\/revisions\/18664"}],"wp:featuredmedia":[{"embeddable":true,"href":"https:\/\/munidejutiapa.gob.gt\/index.php?rest_route=\/wp\/v2\/media\/18653"}],"wp:attachment":[{"href":"https:\/\/munidejutiapa.gob.gt\/index.php?rest_route=%2Fwp%2Fv2%2Fmedia&parent=18663"}],"wp:term":[{"taxonomy":"category","embeddable":true,"href":"https:\/\/munidejutiapa.gob.gt\/index.php?rest_route=%2Fwp%2Fv2%2Fcategories&post=18663"},{"taxonomy":"post_tag","embeddable":true,"href":"https:\/\/munidejutiapa.gob.gt\/index.php?rest_route=%2Fwp%2Fv2%2Ftags&post=18663"}],"curies":[{"name":"wp","href":"https:\/\/api.w.org\/{rel}","templated":true}]}}