{"id":17230,"date":"2025-02-05T18:08:39","date_gmt":"2025-02-06T00:08:39","guid":{"rendered":"https:\/\/munidejutiapa.gob.gt\/?p=17230"},"modified":"2025-02-06T14:31:20","modified_gmt":"2025-02-06T20:31:20","slug":"607-abuelitos-de-jutiapa-recibieron-su-carnet-de-resolucion-del-programa-economico-del-adulto-mayor","status":"publish","type":"post","link":"https:\/\/munidejutiapa.gob.gt\/?p=17230","title":{"rendered":"607 abuelitos de Jutiapa recibieron su carnet de resoluci\u00f3n del programa econ\u00f3mico del adulto mayor"},"content":{"rendered":"<div class=\"xdj266r x11i5rnm xat24cr x1mh8g0r x1vvkbs x126k92a\">\n<div dir=\"auto\" style=\"text-align: justify;\">Despu\u00e9s de a\u00f1os de espera, hoy lleg\u00f3 el d\u00eda. 607 abuelitos de Jutiapa recibieron su carnet de resoluci\u00f3n del programa econ\u00f3mico del adulto mayor, un documento que representa mucho m\u00e1s que un simple papel. Es la materializaci\u00f3n de un compromiso, de un sue\u00f1o y de la esperanza de una vida m\u00e1s digna.<\/div>\n<\/div>\n<div class=\"x11i5rnm xat24cr x1mh8g0r x1vvkbs xtlvy1s x126k92a\" style=\"text-align: justify;\">\n<div dir=\"auto\">Gracias al alcalde, Ing. \u00d3scar Pineda en coordinaci\u00f3n con el Ministerio de Trabajo y a todo el equipo municipal por hacer esto posible, los abuelitos se llevaron la sorpresa que la resoluci\u00f3n venia con el pago de dos meses, diciembre y enero, la misma fue cobrada este d\u00eda.<\/div>\n<\/div>\n<div class=\"x11i5rnm xat24cr x1mh8g0r x1vvkbs xtlvy1s x126k92a\" style=\"text-align: justify;\"><\/div>\n<p>&nbsp;<\/p>\n<div><\/div>\n","protected":false},"excerpt":{"rendered":"<p>Despu\u00e9s de a\u00f1os de espera, hoy lleg\u00f3 el d\u00eda. 607 abuelitos de Jutiapa recibieron su carnet de resoluci\u00f3n del programa econ\u00f3mico del adulto mayor, un documento que representa mucho m\u00e1s que un simple papel. Es la materializaci\u00f3n de un compromiso, de un sue\u00f1o y de la esperanza de una vida m\u00e1s digna. Gracias al alcalde, [&hellip;]<\/p>\n","protected":false},"author":1,"featured_media":17216,"comment_status":"closed","ping_status":"open","sticky":false,"template":"","format":"gallery","meta":{"_uag_custom_page_level_css":""},"categories":[182],"tags":[178],"uagb_featured_image_src":{"full":["https:\/\/munidejutiapa.gob.gt\/wp-content\/uploads\/2025\/02\/01-7.gif",900,600,false],"thumbnail":["https:\/\/munidejutiapa.gob.gt\/wp-content\/uploads\/2025\/02\/01-7-150x150.gif",150,150,true],"medium":["https:\/\/munidejutiapa.gob.gt\/wp-content\/uploads\/2025\/02\/01-7-300x200.gif",300,200,true],"medium_large":["https:\/\/munidejutiapa.gob.gt\/wp-content\/uploads\/2025\/02\/01-7-768x512.gif",740,493,true],"large":["https:\/\/munidejutiapa.gob.gt\/wp-content\/uploads\/2025\/02\/01-7.gif",740,493,false],"1536x1536":["https:\/\/munidejutiapa.gob.gt\/wp-content\/uploads\/2025\/02\/01-7.gif",900,600,false],"2048x2048":["https:\/\/munidejutiapa.gob.gt\/wp-content\/uploads\/2025\/02\/01-7.gif",900,600,false],"post-thumbnail":["https:\/\/munidejutiapa.gob.gt\/wp-content\/uploads\/2025\/02\/01-7.gif",900,600,false],"mvp-post-thumb":["https:\/\/munidejutiapa.gob.gt\/wp-content\/uploads\/2025\/02\/01-7.gif",900,600,false],"mvp-port-thumb":["https:\/\/munidejutiapa.gob.gt\/wp-content\/uploads\/2025\/02\/01-7-560x600.gif",560,600,true],"mvp-large-thumb":["https:\/\/munidejutiapa.gob.gt\/wp-content\/uploads\/2025\/02\/01-7-590x354.gif",590,354,true],"mvp-mid-thumb":["https:\/\/munidejutiapa.gob.gt\/wp-content\/uploads\/2025\/02\/01-7-400x240.gif",400,240,true],"mvp-small-thumb":["https:\/\/munidejutiapa.gob.gt\/wp-content\/uploads\/2025\/02\/01-7-80x80.gif",80,80,true]},"uagb_author_info":{"display_name":"Municipalidad de Jutiapa","author_link":"https:\/\/munidejutiapa.gob.gt\/?author=1"},"uagb_comment_info":0,"uagb_excerpt":"Despu\u00e9s de a\u00f1os de espera, hoy lleg\u00f3 el d\u00eda. 607 abuelitos de Jutiapa recibieron su carnet de resoluci\u00f3n del programa econ\u00f3mico del adulto mayor, un documento que representa mucho m\u00e1s que un simple papel. Es la materializaci\u00f3n de un compromiso, de un sue\u00f1o y de la esperanza de una vida m\u00e1s digna. Gracias al alcalde,&hellip;","_links":{"self":[{"href":"https:\/\/munidejutiapa.gob.gt\/index.php?rest_route=\/wp\/v2\/posts\/17230"}],"collection":[{"href":"https:\/\/munidejutiapa.gob.gt\/index.php?rest_route=\/wp\/v2\/posts"}],"about":[{"href":"https:\/\/munidejutiapa.gob.gt\/index.php?rest_route=\/wp\/v2\/types\/post"}],"author":[{"embeddable":true,"href":"https:\/\/munidejutiapa.gob.gt\/index.php?rest_route=\/wp\/v2\/users\/1"}],"replies":[{"embeddable":true,"href":"https:\/\/munidejutiapa.gob.gt\/index.php?rest_route=%2Fwp%2Fv2%2Fcomments&post=17230"}],"version-history":[{"count":1,"href":"https:\/\/munidejutiapa.gob.gt\/index.php?rest_route=\/wp\/v2\/posts\/17230\/revisions"}],"predecessor-version":[{"id":17231,"href":"https:\/\/munidejutiapa.gob.gt\/index.php?rest_route=\/wp\/v2\/posts\/17230\/revisions\/17231"}],"wp:featuredmedia":[{"embeddable":true,"href":"https:\/\/munidejutiapa.gob.gt\/index.php?rest_route=\/wp\/v2\/media\/17216"}],"wp:attachment":[{"href":"https:\/\/munidejutiapa.gob.gt\/index.php?rest_route=%2Fwp%2Fv2%2Fmedia&parent=17230"}],"wp:term":[{"taxonomy":"category","embeddable":true,"href":"https:\/\/munidejutiapa.gob.gt\/index.php?rest_route=%2Fwp%2Fv2%2Fcategories&post=17230"},{"taxonomy":"post_tag","embeddable":true,"href":"https:\/\/munidejutiapa.gob.gt\/index.php?rest_route=%2Fwp%2Fv2%2Ftags&post=17230"}],"curies":[{"name":"wp","href":"https:\/\/api.w.org\/{rel}","templated":true}]}}