{"id":17194,"date":"2025-02-01T15:06:22","date_gmt":"2025-02-01T21:06:22","guid":{"rendered":"https:\/\/munidejutiapa.gob.gt\/?p=17194"},"modified":"2025-02-06T11:14:53","modified_gmt":"2025-02-06T17:14:53","slug":"conmemoracion-del-174-aniversario-del-triunfo-de-la-batalla-de-la-arada-y-dia-de-la-fuerza-de-tierra","status":"publish","type":"post","link":"https:\/\/munidejutiapa.gob.gt\/?p=17194","title":{"rendered":"Conmemoraci\u00f3n del 174 Aniversario del Triunfo de la Batalla de la Arada y D\u00eda de la Fuerza de Tierra"},"content":{"rendered":"<p style=\"text-align: justify;\">Hoy recordamos la valent\u00eda de nuestros antepasados en el acto en conmemoraci\u00f3n del 174 Aniversario del Triunfo de la Batalla de la Arada y D\u00eda de la Fuerza de Tierra. Gracias al presidente Bernardo Ar\u00e9valo, nuestro alcalde Ing. Oscar Pineda y a todas las fuerzas armadas que participaron en el acto conmemorativo. El vuelo de helic\u00f3pteros y la presentaci\u00f3n de las diferentes unidades fueron un espect\u00e1culo inolvidable.<\/p>\n<p>&nbsp;<\/p>\n<div><\/div>\n<p>&nbsp;<\/p>\n<p>&nbsp;<\/p>\n<p><a href=\"https:\/\/www.facebook.com\/photo\/?fbid=619993137645025&amp;set=pcb.619991704311835\"><img loading=\"lazy\" class=\"alignnone wp-image-16976 size-full\" title=\"Ver galer\u00eda en Facebook\" src=\"https:\/\/munidejutiapa.gob.gt\/wp-content\/uploads\/2024\/12\/galeria.jpg\" alt=\"\" width=\"215\" height=\"71\" \/><\/a><\/p>\n","protected":false},"excerpt":{"rendered":"<p>Hoy recordamos la valent\u00eda de nuestros antepasados en el acto en conmemoraci\u00f3n del 174 Aniversario del Triunfo de la Batalla de la Arada y D\u00eda de la Fuerza de Tierra. Gracias al presidente Bernardo Ar\u00e9valo, nuestro alcalde Ing. Oscar Pineda y a todas las fuerzas armadas que participaron en el acto conmemorativo. El vuelo de [&hellip;]<\/p>\n","protected":false},"author":1,"featured_media":17182,"comment_status":"closed","ping_status":"open","sticky":false,"template":"","format":"gallery","meta":{"_uag_custom_page_level_css":""},"categories":[183],"tags":[178],"uagb_featured_image_src":{"full":["https:\/\/munidejutiapa.gob.gt\/wp-content\/uploads\/2025\/02\/01-2.gif",900,600,false],"thumbnail":["https:\/\/munidejutiapa.gob.gt\/wp-content\/uploads\/2025\/02\/01-2-150x150.gif",150,150,true],"medium":["https:\/\/munidejutiapa.gob.gt\/wp-content\/uploads\/2025\/02\/01-2-300x200.gif",300,200,true],"medium_large":["https:\/\/munidejutiapa.gob.gt\/wp-content\/uploads\/2025\/02\/01-2-768x512.gif",740,493,true],"large":["https:\/\/munidejutiapa.gob.gt\/wp-content\/uploads\/2025\/02\/01-2.gif",740,493,false],"1536x1536":["https:\/\/munidejutiapa.gob.gt\/wp-content\/uploads\/2025\/02\/01-2.gif",900,600,false],"2048x2048":["https:\/\/munidejutiapa.gob.gt\/wp-content\/uploads\/2025\/02\/01-2.gif",900,600,false],"post-thumbnail":["https:\/\/munidejutiapa.gob.gt\/wp-content\/uploads\/2025\/02\/01-2.gif",900,600,false],"mvp-post-thumb":["https:\/\/munidejutiapa.gob.gt\/wp-content\/uploads\/2025\/02\/01-2.gif",900,600,false],"mvp-port-thumb":["https:\/\/munidejutiapa.gob.gt\/wp-content\/uploads\/2025\/02\/01-2-560x600.gif",560,600,true],"mvp-large-thumb":["https:\/\/munidejutiapa.gob.gt\/wp-content\/uploads\/2025\/02\/01-2-590x354.gif",590,354,true],"mvp-mid-thumb":["https:\/\/munidejutiapa.gob.gt\/wp-content\/uploads\/2025\/02\/01-2-400x240.gif",400,240,true],"mvp-small-thumb":["https:\/\/munidejutiapa.gob.gt\/wp-content\/uploads\/2025\/02\/01-2-80x80.gif",80,80,true]},"uagb_author_info":{"display_name":"Municipalidad de Jutiapa","author_link":"https:\/\/munidejutiapa.gob.gt\/?author=1"},"uagb_comment_info":0,"uagb_excerpt":"Hoy recordamos la valent\u00eda de nuestros antepasados en el acto en conmemoraci\u00f3n del 174 Aniversario del Triunfo de la Batalla de la Arada y D\u00eda de la Fuerza de Tierra. Gracias al presidente Bernardo Ar\u00e9valo, nuestro alcalde Ing. Oscar Pineda y a todas las fuerzas armadas que participaron en el acto conmemorativo. El vuelo de&hellip;","_links":{"self":[{"href":"https:\/\/munidejutiapa.gob.gt\/index.php?rest_route=\/wp\/v2\/posts\/17194"}],"collection":[{"href":"https:\/\/munidejutiapa.gob.gt\/index.php?rest_route=\/wp\/v2\/posts"}],"about":[{"href":"https:\/\/munidejutiapa.gob.gt\/index.php?rest_route=\/wp\/v2\/types\/post"}],"author":[{"embeddable":true,"href":"https:\/\/munidejutiapa.gob.gt\/index.php?rest_route=\/wp\/v2\/users\/1"}],"replies":[{"embeddable":true,"href":"https:\/\/munidejutiapa.gob.gt\/index.php?rest_route=%2Fwp%2Fv2%2Fcomments&post=17194"}],"version-history":[{"count":1,"href":"https:\/\/munidejutiapa.gob.gt\/index.php?rest_route=\/wp\/v2\/posts\/17194\/revisions"}],"predecessor-version":[{"id":17195,"href":"https:\/\/munidejutiapa.gob.gt\/index.php?rest_route=\/wp\/v2\/posts\/17194\/revisions\/17195"}],"wp:featuredmedia":[{"embeddable":true,"href":"https:\/\/munidejutiapa.gob.gt\/index.php?rest_route=\/wp\/v2\/media\/17182"}],"wp:attachment":[{"href":"https:\/\/munidejutiapa.gob.gt\/index.php?rest_route=%2Fwp%2Fv2%2Fmedia&parent=17194"}],"wp:term":[{"taxonomy":"category","embeddable":true,"href":"https:\/\/munidejutiapa.gob.gt\/index.php?rest_route=%2Fwp%2Fv2%2Fcategories&post=17194"},{"taxonomy":"post_tag","embeddable":true,"href":"https:\/\/munidejutiapa.gob.gt\/index.php?rest_route=%2Fwp%2Fv2%2Ftags&post=17194"}],"curies":[{"name":"wp","href":"https:\/\/api.w.org\/{rel}","templated":true}]}}