{"id":16298,"date":"2024-09-15T16:24:46","date_gmt":"2024-09-15T22:24:46","guid":{"rendered":"https:\/\/munidejutiapa.gob.gt\/?p=16298"},"modified":"2024-09-23T09:28:54","modified_gmt":"2024-09-23T15:28:54","slug":"jutiapa-celebra-la-tradicional-caminata-civica-del-nivel-medio","status":"publish","type":"post","link":"https:\/\/munidejutiapa.gob.gt\/?p=16298","title":{"rendered":"Jutiapa celebra la tradicional caminata c\u00edvica del nivel medio"},"content":{"rendered":"<div class=\"xdj266r x11i5rnm xat24cr x1mh8g0r x1vvkbs x126k92a\">\n<div dir=\"auto\" style=\"text-align: justify;\">Jutiapa celebra la tradicional caminata c\u00edvica del nivel medio.<\/div>\n<div dir=\"auto\" style=\"text-align: justify;\">Esta ma\u00f1ana, alumnos de b\u00e1sico y diversificado, junto a diversas instituciones, participaron en la caminata c\u00edvica en honor a la independencia.<\/div>\n<div dir=\"auto\" style=\"text-align: justify;\">El alcalde de Jutiapa, Ing. Oscar Pineda, encabez\u00f3 el recorrido que culmin\u00f3 en el Estadio Winston Pineda con emotivos actos alusivos a nuestra libertad.<\/div>\n<div dir=\"auto\"><\/div>\n<div dir=\"auto\"><\/div>\n<div dir=\"auto\">\u00a1Celebramos 203 a\u00f1os de independencia!<\/div>\n<\/div>\n<div class=\"x11i5rnm xat24cr x1mh8g0r x1vvkbs xtlvy1s x126k92a\">\n<div dir=\"auto\"><\/div>\n<\/div>\n<p>&nbsp;<\/p>\n<div>\n<div><\/div>\n<\/div>\n<div><\/div>\n<div><\/div>\n<div><\/div>\n<div><\/div>\n<div><a href=\"https:\/\/www.facebook.com\/photo\/?fbid=513878221589851&amp;set=pcb.513879968256343\"><img loading=\"lazy\" class=\"wp-image-16253 size-full alignleft\" title=\"Ver galer\u00eda en Facebook\" src=\"https:\/\/munidejutiapa.gob.gt\/wp-content\/uploads\/2024\/09\/galeria.jpg\" alt=\"\" width=\"215\" height=\"71\" \/><\/a><\/div>\n","protected":false},"excerpt":{"rendered":"<p>Jutiapa celebra la tradicional caminata c\u00edvica del nivel medio. Esta ma\u00f1ana, alumnos de b\u00e1sico y diversificado, junto a diversas instituciones, participaron en la caminata c\u00edvica en honor a la independencia. El alcalde de Jutiapa, Ing. Oscar Pineda, encabez\u00f3 el recorrido que culmin\u00f3 en el Estadio Winston Pineda con emotivos actos alusivos a nuestra libertad. \u00a1Celebramos [&hellip;]<\/p>\n","protected":false},"author":1,"featured_media":16299,"comment_status":"closed","ping_status":"open","sticky":false,"template":"","format":"gallery","meta":{"_uag_custom_page_level_css":""},"categories":[183],"tags":[178],"uagb_featured_image_src":{"full":["https:\/\/munidejutiapa.gob.gt\/wp-content\/uploads\/2024\/09\/01-12.jpg",900,600,false],"thumbnail":["https:\/\/munidejutiapa.gob.gt\/wp-content\/uploads\/2024\/09\/01-12-150x150.jpg",150,150,true],"medium":["https:\/\/munidejutiapa.gob.gt\/wp-content\/uploads\/2024\/09\/01-12-300x200.jpg",300,200,true],"medium_large":["https:\/\/munidejutiapa.gob.gt\/wp-content\/uploads\/2024\/09\/01-12-768x512.jpg",740,493,true],"large":["https:\/\/munidejutiapa.gob.gt\/wp-content\/uploads\/2024\/09\/01-12.jpg",740,493,false],"1536x1536":["https:\/\/munidejutiapa.gob.gt\/wp-content\/uploads\/2024\/09\/01-12.jpg",900,600,false],"2048x2048":["https:\/\/munidejutiapa.gob.gt\/wp-content\/uploads\/2024\/09\/01-12.jpg",900,600,false],"post-thumbnail":["https:\/\/munidejutiapa.gob.gt\/wp-content\/uploads\/2024\/09\/01-12.jpg",900,600,false],"mvp-post-thumb":["https:\/\/munidejutiapa.gob.gt\/wp-content\/uploads\/2024\/09\/01-12.jpg",900,600,false],"mvp-port-thumb":["https:\/\/munidejutiapa.gob.gt\/wp-content\/uploads\/2024\/09\/01-12-560x600.jpg",560,600,true],"mvp-large-thumb":["https:\/\/munidejutiapa.gob.gt\/wp-content\/uploads\/2024\/09\/01-12-590x354.jpg",590,354,true],"mvp-mid-thumb":["https:\/\/munidejutiapa.gob.gt\/wp-content\/uploads\/2024\/09\/01-12-400x240.jpg",400,240,true],"mvp-small-thumb":["https:\/\/munidejutiapa.gob.gt\/wp-content\/uploads\/2024\/09\/01-12-80x80.jpg",80,80,true]},"uagb_author_info":{"display_name":"Municipalidad de Jutiapa","author_link":"https:\/\/munidejutiapa.gob.gt\/?author=1"},"uagb_comment_info":0,"uagb_excerpt":"Jutiapa celebra la tradicional caminata c\u00edvica del nivel medio. Esta ma\u00f1ana, alumnos de b\u00e1sico y diversificado, junto a diversas instituciones, participaron en la caminata c\u00edvica en honor a la independencia. El alcalde de Jutiapa, Ing. Oscar Pineda, encabez\u00f3 el recorrido que culmin\u00f3 en el Estadio Winston Pineda con emotivos actos alusivos a nuestra libertad. \u00a1Celebramos&hellip;","_links":{"self":[{"href":"https:\/\/munidejutiapa.gob.gt\/index.php?rest_route=\/wp\/v2\/posts\/16298"}],"collection":[{"href":"https:\/\/munidejutiapa.gob.gt\/index.php?rest_route=\/wp\/v2\/posts"}],"about":[{"href":"https:\/\/munidejutiapa.gob.gt\/index.php?rest_route=\/wp\/v2\/types\/post"}],"author":[{"embeddable":true,"href":"https:\/\/munidejutiapa.gob.gt\/index.php?rest_route=\/wp\/v2\/users\/1"}],"replies":[{"embeddable":true,"href":"https:\/\/munidejutiapa.gob.gt\/index.php?rest_route=%2Fwp%2Fv2%2Fcomments&post=16298"}],"version-history":[{"count":2,"href":"https:\/\/munidejutiapa.gob.gt\/index.php?rest_route=\/wp\/v2\/posts\/16298\/revisions"}],"predecessor-version":[{"id":16301,"href":"https:\/\/munidejutiapa.gob.gt\/index.php?rest_route=\/wp\/v2\/posts\/16298\/revisions\/16301"}],"wp:featuredmedia":[{"embeddable":true,"href":"https:\/\/munidejutiapa.gob.gt\/index.php?rest_route=\/wp\/v2\/media\/16299"}],"wp:attachment":[{"href":"https:\/\/munidejutiapa.gob.gt\/index.php?rest_route=%2Fwp%2Fv2%2Fmedia&parent=16298"}],"wp:term":[{"taxonomy":"category","embeddable":true,"href":"https:\/\/munidejutiapa.gob.gt\/index.php?rest_route=%2Fwp%2Fv2%2Fcategories&post=16298"},{"taxonomy":"post_tag","embeddable":true,"href":"https:\/\/munidejutiapa.gob.gt\/index.php?rest_route=%2Fwp%2Fv2%2Ftags&post=16298"}],"curies":[{"name":"wp","href":"https:\/\/api.w.org\/{rel}","templated":true}]}}