{"id":16180,"date":"2024-08-30T17:24:57","date_gmt":"2024-08-30T23:24:57","guid":{"rendered":"https:\/\/munidejutiapa.gob.gt\/?p=16180"},"modified":"2024-09-02T09:42:23","modified_gmt":"2024-09-02T15:42:23","slug":"inauguracion-de-la-sala-mixta-de-la-corte-de-apelaciones-de-jutiapa","status":"publish","type":"post","link":"https:\/\/munidejutiapa.gob.gt\/?p=16180","title":{"rendered":"Inauguraci\u00f3n de la Sala Mixta de la Corte de Apelaciones de Jutiapa"},"content":{"rendered":"<div class=\"xdj266r x11i5rnm xat24cr x1mh8g0r x1vvkbs x126k92a\">\n<div dir=\"auto\" style=\"text-align: justify;\">Gracias a la gesti\u00f3n del alcalde de Jutiapa, Ing. Oscar Pineda, esta ma\u00f1ana se logr\u00f3 la inauguraci\u00f3n de la Sala Mixta de la Corte de Apelaciones de Jutiapa. En el evento, el presidente de la CSJ, Lic. Oscar Cruz, agradeci\u00f3 y reconoci\u00f3 el esfuerzo del alcalde para que esta gesti\u00f3n fuera una realidad, esta sala agilizar\u00e1 el tr\u00e1mite de los procesos de segunda instancia en el departamento.<\/div>\n<\/div>\n<div class=\"x11i5rnm xat24cr x1mh8g0r x1vvkbs xtlvy1s x126k92a\">\n<div dir=\"auto\" style=\"text-align: justify;\">La nueva sala, establecida mediante el acuerdo de la CSJ n\u00famero 37-2023, garantizar\u00e1 un manejo \u00e1gil y eficiente de los casos, respondiendo a las necesidades de la poblaci\u00f3n en los 17 municipios. Este \u00f3rgano de justicia se encuentra en la 2da calle 5-44, zona 2, Barrio La Federal, Jutiapa.<\/div>\n<\/div>\n<p>&nbsp;<\/p>\n<p>&nbsp;<\/p>\n<div><\/div>\n","protected":false},"excerpt":{"rendered":"<p>Gracias a la gesti\u00f3n del alcalde de Jutiapa, Ing. Oscar Pineda, esta ma\u00f1ana se logr\u00f3 la inauguraci\u00f3n de la Sala Mixta de la Corte de Apelaciones de Jutiapa. En el evento, el presidente de la CSJ, Lic. Oscar Cruz, agradeci\u00f3 y reconoci\u00f3 el esfuerzo del alcalde para que esta gesti\u00f3n fuera una realidad, esta sala [&hellip;]<\/p>\n","protected":false},"author":1,"featured_media":16174,"comment_status":"closed","ping_status":"open","sticky":false,"template":"","format":"gallery","meta":{"_uag_custom_page_level_css":""},"categories":[183],"tags":[178],"uagb_featured_image_src":{"full":["https:\/\/munidejutiapa.gob.gt\/wp-content\/uploads\/2024\/09\/04.jpg",900,600,false],"thumbnail":["https:\/\/munidejutiapa.gob.gt\/wp-content\/uploads\/2024\/09\/04-150x150.jpg",150,150,true],"medium":["https:\/\/munidejutiapa.gob.gt\/wp-content\/uploads\/2024\/09\/04-300x200.jpg",300,200,true],"medium_large":["https:\/\/munidejutiapa.gob.gt\/wp-content\/uploads\/2024\/09\/04-768x512.jpg",740,493,true],"large":["https:\/\/munidejutiapa.gob.gt\/wp-content\/uploads\/2024\/09\/04.jpg",740,493,false],"1536x1536":["https:\/\/munidejutiapa.gob.gt\/wp-content\/uploads\/2024\/09\/04.jpg",900,600,false],"2048x2048":["https:\/\/munidejutiapa.gob.gt\/wp-content\/uploads\/2024\/09\/04.jpg",900,600,false],"post-thumbnail":["https:\/\/munidejutiapa.gob.gt\/wp-content\/uploads\/2024\/09\/04.jpg",900,600,false],"mvp-post-thumb":["https:\/\/munidejutiapa.gob.gt\/wp-content\/uploads\/2024\/09\/04.jpg",900,600,false],"mvp-port-thumb":["https:\/\/munidejutiapa.gob.gt\/wp-content\/uploads\/2024\/09\/04-560x600.jpg",560,600,true],"mvp-large-thumb":["https:\/\/munidejutiapa.gob.gt\/wp-content\/uploads\/2024\/09\/04-590x354.jpg",590,354,true],"mvp-mid-thumb":["https:\/\/munidejutiapa.gob.gt\/wp-content\/uploads\/2024\/09\/04-400x240.jpg",400,240,true],"mvp-small-thumb":["https:\/\/munidejutiapa.gob.gt\/wp-content\/uploads\/2024\/09\/04-80x80.jpg",80,80,true]},"uagb_author_info":{"display_name":"Municipalidad de Jutiapa","author_link":"https:\/\/munidejutiapa.gob.gt\/?author=1"},"uagb_comment_info":0,"uagb_excerpt":"Gracias a la gesti\u00f3n del alcalde de Jutiapa, Ing. Oscar Pineda, esta ma\u00f1ana se logr\u00f3 la inauguraci\u00f3n de la Sala Mixta de la Corte de Apelaciones de Jutiapa. En el evento, el presidente de la CSJ, Lic. Oscar Cruz, agradeci\u00f3 y reconoci\u00f3 el esfuerzo del alcalde para que esta gesti\u00f3n fuera una realidad, esta sala&hellip;","_links":{"self":[{"href":"https:\/\/munidejutiapa.gob.gt\/index.php?rest_route=\/wp\/v2\/posts\/16180"}],"collection":[{"href":"https:\/\/munidejutiapa.gob.gt\/index.php?rest_route=\/wp\/v2\/posts"}],"about":[{"href":"https:\/\/munidejutiapa.gob.gt\/index.php?rest_route=\/wp\/v2\/types\/post"}],"author":[{"embeddable":true,"href":"https:\/\/munidejutiapa.gob.gt\/index.php?rest_route=\/wp\/v2\/users\/1"}],"replies":[{"embeddable":true,"href":"https:\/\/munidejutiapa.gob.gt\/index.php?rest_route=%2Fwp%2Fv2%2Fcomments&post=16180"}],"version-history":[{"count":1,"href":"https:\/\/munidejutiapa.gob.gt\/index.php?rest_route=\/wp\/v2\/posts\/16180\/revisions"}],"predecessor-version":[{"id":16181,"href":"https:\/\/munidejutiapa.gob.gt\/index.php?rest_route=\/wp\/v2\/posts\/16180\/revisions\/16181"}],"wp:featuredmedia":[{"embeddable":true,"href":"https:\/\/munidejutiapa.gob.gt\/index.php?rest_route=\/wp\/v2\/media\/16174"}],"wp:attachment":[{"href":"https:\/\/munidejutiapa.gob.gt\/index.php?rest_route=%2Fwp%2Fv2%2Fmedia&parent=16180"}],"wp:term":[{"taxonomy":"category","embeddable":true,"href":"https:\/\/munidejutiapa.gob.gt\/index.php?rest_route=%2Fwp%2Fv2%2Fcategories&post=16180"},{"taxonomy":"post_tag","embeddable":true,"href":"https:\/\/munidejutiapa.gob.gt\/index.php?rest_route=%2Fwp%2Fv2%2Ftags&post=16180"}],"curies":[{"name":"wp","href":"https:\/\/api.w.org\/{rel}","templated":true}]}}