{"id":16170,"date":"2024-08-29T21:44:28","date_gmt":"2024-08-30T03:44:28","guid":{"rendered":"https:\/\/munidejutiapa.gob.gt\/?p=16170"},"modified":"2024-08-30T15:42:31","modified_gmt":"2024-08-30T21:42:31","slug":"eleccion-de-ninoa-alcaldesa","status":"publish","type":"post","link":"https:\/\/munidejutiapa.gob.gt\/?p=16170","title":{"rendered":"Elecci\u00f3n de ni\u00f1o(a) alcalde(sa)"},"content":{"rendered":"<div class=\"xdj266r x11i5rnm xat24cr x1mh8g0r x1vvkbs x126k92a\">\n<div dir=\"auto\" style=\"text-align: justify;\">\u00a1Felicitamos a todos los ni\u00f1os que participaron en la elecci\u00f3n de ni\u00f1o(a) alcalde(sa) y su concejo municipal por un d\u00eda! Estamos orgullosos de presentar a Khaterine Alejandra Vel\u00e1squez como nuestra ni\u00f1a Alcaldesa Municipal, junto a su equipo:<\/div>\n<\/div>\n<div class=\"x11i5rnm xat24cr x1mh8g0r x1vvkbs xtlvy1s x126k92a\" style=\"text-align: justify;\">\n<div dir=\"auto\"><span class=\"html-span xexx8yu x4uap5 x18d9i69 xkhd6sd x1hl2dhg x16tdsg8 x1vvkbs x3nfvp2 x1j61x8r x1fcty0u xdj266r xat24cr xgzva0m xhhsvwb xxymvpz xlup9mm x1kky2od\"><img loading=\"lazy\" class=\"xz74otr\" src=\"https:\/\/static.xx.fbcdn.net\/images\/emoji.php\/v9\/t40\/1\/16\/25b6.png\" alt=\"\u25b6\ufe0f\" width=\"16\" height=\"16\" \/><\/span>S\u00edndico I: Gerson Alexander Gudiel<\/div>\n<div dir=\"auto\"><span class=\"html-span xexx8yu x4uap5 x18d9i69 xkhd6sd x1hl2dhg x16tdsg8 x1vvkbs x3nfvp2 x1j61x8r x1fcty0u xdj266r xat24cr xgzva0m xhhsvwb xxymvpz xlup9mm x1kky2od\"><img loading=\"lazy\" class=\"xz74otr\" src=\"https:\/\/static.xx.fbcdn.net\/images\/emoji.php\/v9\/t40\/1\/16\/25b6.png\" alt=\"\u25b6\ufe0f\" width=\"16\" height=\"16\" \/><\/span>S\u00edndico II: Estuardo Josu\u00e9 Qui\u00f1onez<\/div>\n<div dir=\"auto\"><span class=\"html-span xexx8yu x4uap5 x18d9i69 xkhd6sd x1hl2dhg x16tdsg8 x1vvkbs x3nfvp2 x1j61x8r x1fcty0u xdj266r xat24cr xgzva0m xhhsvwb xxymvpz xlup9mm x1kky2od\"><img loading=\"lazy\" class=\"xz74otr\" src=\"https:\/\/static.xx.fbcdn.net\/images\/emoji.php\/v9\/t40\/1\/16\/25b6.png\" alt=\"\u25b6\ufe0f\" width=\"16\" height=\"16\" \/><\/span>S\u00edndico III: F\u00e1tima Andrea Coyoy<\/div>\n<div dir=\"auto\"><span class=\"html-span xexx8yu x4uap5 x18d9i69 xkhd6sd x1hl2dhg x16tdsg8 x1vvkbs x3nfvp2 x1j61x8r x1fcty0u xdj266r xat24cr xgzva0m xhhsvwb xxymvpz xlup9mm x1kky2od\"><img loading=\"lazy\" class=\"xz74otr\" src=\"https:\/\/static.xx.fbcdn.net\/images\/emoji.php\/v9\/t40\/1\/16\/25b6.png\" alt=\"\u25b6\ufe0f\" width=\"16\" height=\"16\" \/><\/span>S\u00edndico Suplente I: Alisson Isabel Bernal<\/div>\n<div dir=\"auto\"><span class=\"html-span xexx8yu x4uap5 x18d9i69 xkhd6sd x1hl2dhg x16tdsg8 x1vvkbs x3nfvp2 x1j61x8r x1fcty0u xdj266r xat24cr xgzva0m xhhsvwb xxymvpz xlup9mm x1kky2od\"><img loading=\"lazy\" class=\"xz74otr\" src=\"https:\/\/static.xx.fbcdn.net\/images\/emoji.php\/v9\/t40\/1\/16\/25b6.png\" alt=\"\u25b6\ufe0f\" width=\"16\" height=\"16\" \/><\/span>Concejal I: Sherlin Dayana Z\u00fa\u00f1iga<\/div>\n<div dir=\"auto\"><span class=\"html-span xexx8yu x4uap5 x18d9i69 xkhd6sd x1hl2dhg x16tdsg8 x1vvkbs x3nfvp2 x1j61x8r x1fcty0u xdj266r xat24cr xgzva0m xhhsvwb xxymvpz xlup9mm x1kky2od\"><img loading=\"lazy\" class=\"xz74otr\" src=\"https:\/\/static.xx.fbcdn.net\/images\/emoji.php\/v9\/t40\/1\/16\/25b6.png\" alt=\"\u25b6\ufe0f\" width=\"16\" height=\"16\" \/><\/span>Concejal II: F\u00e1tima Fernanda Zet\u00edno<\/div>\n<div dir=\"auto\"><span class=\"html-span xexx8yu x4uap5 x18d9i69 xkhd6sd x1hl2dhg x16tdsg8 x1vvkbs x3nfvp2 x1j61x8r x1fcty0u xdj266r xat24cr xgzva0m xhhsvwb xxymvpz xlup9mm x1kky2od\"><img loading=\"lazy\" class=\"xz74otr\" src=\"https:\/\/static.xx.fbcdn.net\/images\/emoji.php\/v9\/t40\/1\/16\/25b6.png\" alt=\"\u25b6\ufe0f\" width=\"16\" height=\"16\" \/><\/span>Concejal III: Aylin Mar\u00eda Jos\u00e9 Yanes<\/div>\n<div dir=\"auto\"><span class=\"html-span xexx8yu x4uap5 x18d9i69 xkhd6sd x1hl2dhg x16tdsg8 x1vvkbs x3nfvp2 x1j61x8r x1fcty0u xdj266r xat24cr xgzva0m xhhsvwb xxymvpz xlup9mm x1kky2od\"><img loading=\"lazy\" class=\"xz74otr\" src=\"https:\/\/static.xx.fbcdn.net\/images\/emoji.php\/v9\/t40\/1\/16\/25b6.png\" alt=\"\u25b6\ufe0f\" width=\"16\" height=\"16\" \/><\/span>Concejal IV: D\u00e1maris Andrea Godoy<\/div>\n<div dir=\"auto\"><span class=\"html-span xexx8yu x4uap5 x18d9i69 xkhd6sd x1hl2dhg x16tdsg8 x1vvkbs x3nfvp2 x1j61x8r x1fcty0u xdj266r xat24cr xgzva0m xhhsvwb xxymvpz xlup9mm x1kky2od\"><img loading=\"lazy\" class=\"xz74otr\" src=\"https:\/\/static.xx.fbcdn.net\/images\/emoji.php\/v9\/t40\/1\/16\/25b6.png\" alt=\"\u25b6\ufe0f\" width=\"16\" height=\"16\" \/><\/span>Concejal V: M\u00f3nica Alejandra Ram\u00edrez<\/div>\n<div dir=\"auto\"><span class=\"html-span xexx8yu x4uap5 x18d9i69 xkhd6sd x1hl2dhg x16tdsg8 x1vvkbs x3nfvp2 x1j61x8r x1fcty0u xdj266r xat24cr xgzva0m xhhsvwb xxymvpz xlup9mm x1kky2od\"><img loading=\"lazy\" class=\"xz74otr\" src=\"https:\/\/static.xx.fbcdn.net\/images\/emoji.php\/v9\/t40\/1\/16\/25b6.png\" alt=\"\u25b6\ufe0f\" width=\"16\" height=\"16\" \/><\/span>Concejal VI: Denilson Geovani Ram\u00edrez<\/div>\n<div dir=\"auto\"><span class=\"html-span xexx8yu x4uap5 x18d9i69 xkhd6sd x1hl2dhg x16tdsg8 x1vvkbs x3nfvp2 x1j61x8r x1fcty0u xdj266r xat24cr xgzva0m xhhsvwb xxymvpz xlup9mm x1kky2od\"><img loading=\"lazy\" class=\"xz74otr\" src=\"https:\/\/static.xx.fbcdn.net\/images\/emoji.php\/v9\/t40\/1\/16\/25b6.png\" alt=\"\u25b6\ufe0f\" width=\"16\" height=\"16\" \/><\/span>Concejal VII: Mishel Carolina L\u00f3pez Olivares<\/div>\n<div dir=\"auto\"><span class=\"html-span xexx8yu x4uap5 x18d9i69 xkhd6sd x1hl2dhg x16tdsg8 x1vvkbs x3nfvp2 x1j61x8r x1fcty0u xdj266r xat24cr xgzva0m xhhsvwb xxymvpz xlup9mm x1kky2od\"><img loading=\"lazy\" class=\"xz74otr\" src=\"https:\/\/static.xx.fbcdn.net\/images\/emoji.php\/v9\/t40\/1\/16\/25b6.png\" alt=\"\u25b6\ufe0f\" width=\"16\" height=\"16\" \/><\/span>Concejal VIII: Danilo Isa\u00edas Navas<\/div>\n<div dir=\"auto\"><span class=\"html-span xexx8yu x4uap5 x18d9i69 xkhd6sd x1hl2dhg x16tdsg8 x1vvkbs x3nfvp2 x1j61x8r x1fcty0u xdj266r xat24cr xgzva0m xhhsvwb xxymvpz xlup9mm x1kky2od\"><img loading=\"lazy\" class=\"xz74otr\" src=\"https:\/\/static.xx.fbcdn.net\/images\/emoji.php\/v9\/t40\/1\/16\/25b6.png\" alt=\"\u25b6\ufe0f\" width=\"16\" height=\"16\" \/><\/span>Concejal IX: Shelyn Nayeli Marroqu\u00edn<\/div>\n<div dir=\"auto\"><span class=\"html-span xexx8yu x4uap5 x18d9i69 xkhd6sd x1hl2dhg x16tdsg8 x1vvkbs x3nfvp2 x1j61x8r x1fcty0u xdj266r xat24cr xgzva0m xhhsvwb xxymvpz xlup9mm x1kky2od\"><img loading=\"lazy\" class=\"xz74otr\" src=\"https:\/\/static.xx.fbcdn.net\/images\/emoji.php\/v9\/t40\/1\/16\/25b6.png\" alt=\"\u25b6\ufe0f\" width=\"16\" height=\"16\" \/><\/span>Concejal X: Jeremy Emanuel Vega D\u00edaz<\/div>\n<div dir=\"auto\"><span class=\"html-span xexx8yu x4uap5 x18d9i69 xkhd6sd x1hl2dhg x16tdsg8 x1vvkbs x3nfvp2 x1j61x8r x1fcty0u xdj266r xat24cr xgzva0m xhhsvwb xxymvpz xlup9mm x1kky2od\"><img loading=\"lazy\" class=\"xz74otr\" src=\"https:\/\/static.xx.fbcdn.net\/images\/emoji.php\/v9\/t40\/1\/16\/25b6.png\" alt=\"\u25b6\ufe0f\" width=\"16\" height=\"16\" \/><\/span>Concejal Suplente I: Ashly Elissa Escobar M\u00e9ndez<\/div>\n<div dir=\"auto\"><span class=\"html-span xexx8yu x4uap5 x18d9i69 xkhd6sd x1hl2dhg x16tdsg8 x1vvkbs x3nfvp2 x1j61x8r x1fcty0u xdj266r xat24cr xgzva0m xhhsvwb xxymvpz xlup9mm x1kky2od\"><img loading=\"lazy\" class=\"xz74otr\" src=\"https:\/\/static.xx.fbcdn.net\/images\/emoji.php\/v9\/t40\/1\/16\/25b6.png\" alt=\"\u25b6\ufe0f\" width=\"16\" height=\"16\" \/><\/span>Concejal Suplente II: Yosmery Beatriz Godoy P\u00e9rez<\/div>\n<div dir=\"auto\"><span class=\"html-span xexx8yu x4uap5 x18d9i69 xkhd6sd x1hl2dhg x16tdsg8 x1vvkbs x3nfvp2 x1j61x8r x1fcty0u xdj266r xat24cr xgzva0m xhhsvwb xxymvpz xlup9mm x1kky2od\"><img loading=\"lazy\" class=\"xz74otr\" src=\"https:\/\/static.xx.fbcdn.net\/images\/emoji.php\/v9\/t40\/1\/16\/25b6.png\" alt=\"\u25b6\ufe0f\" width=\"16\" height=\"16\" \/><\/span>Concejal Suplente III: Elian Francisco Lemus Guevara<\/div>\n<div dir=\"auto\"><span class=\"html-span xexx8yu x4uap5 x18d9i69 xkhd6sd x1hl2dhg x16tdsg8 x1vvkbs x3nfvp2 x1j61x8r x1fcty0u xdj266r xat24cr xgzva0m xhhsvwb xxymvpz xlup9mm x1kky2od\"><img loading=\"lazy\" class=\"xz74otr\" src=\"https:\/\/static.xx.fbcdn.net\/images\/emoji.php\/v9\/t40\/1\/16\/25b6.png\" alt=\"\u25b6\ufe0f\" width=\"16\" height=\"16\" \/><\/span>Secretario Municipal: Yefferson Ezequiel Ramos<\/div>\n<\/div>\n<div class=\"x11i5rnm xat24cr x1mh8g0r x1vvkbs xtlvy1s x126k92a\">\n<div dir=\"auto\" style=\"text-align: justify;\">Ustedes son el futuro de Jutiapa, y con su entusiasmo y compromiso, nos demuestran que nuestra comunidad est\u00e1 en buenas manos. \u00a1Gracias por su participaci\u00f3n y dedicaci\u00f3n!<\/div>\n<\/div>\n<p>&nbsp;<\/p>\n<p>&nbsp;<\/p>\n<p>&nbsp;<\/p>\n<p>&nbsp;<\/p>\n<div><\/div>\n","protected":false},"excerpt":{"rendered":"<p>\u00a1Felicitamos a todos los ni\u00f1os que participaron en la elecci\u00f3n de ni\u00f1o(a) alcalde(sa) y su concejo municipal por un d\u00eda! Estamos orgullosos de presentar a Khaterine Alejandra Vel\u00e1squez como nuestra ni\u00f1a Alcaldesa Municipal, junto a su equipo: S\u00edndico I: Gerson Alexander Gudiel S\u00edndico II: Estuardo Josu\u00e9 Qui\u00f1onez S\u00edndico III: F\u00e1tima Andrea Coyoy S\u00edndico Suplente I: [&hellip;]<\/p>\n","protected":false},"author":1,"featured_media":16171,"comment_status":"closed","ping_status":"open","sticky":false,"template":"","format":"gallery","meta":{"_uag_custom_page_level_css":""},"categories":[183],"tags":[178],"uagb_featured_image_src":{"full":["https:\/\/munidejutiapa.gob.gt\/wp-content\/uploads\/2024\/08\/01-16.jpg",900,600,false],"thumbnail":["https:\/\/munidejutiapa.gob.gt\/wp-content\/uploads\/2024\/08\/01-16-150x150.jpg",150,150,true],"medium":["https:\/\/munidejutiapa.gob.gt\/wp-content\/uploads\/2024\/08\/01-16-300x200.jpg",300,200,true],"medium_large":["https:\/\/munidejutiapa.gob.gt\/wp-content\/uploads\/2024\/08\/01-16-768x512.jpg",740,493,true],"large":["https:\/\/munidejutiapa.gob.gt\/wp-content\/uploads\/2024\/08\/01-16.jpg",740,493,false],"1536x1536":["https:\/\/munidejutiapa.gob.gt\/wp-content\/uploads\/2024\/08\/01-16.jpg",900,600,false],"2048x2048":["https:\/\/munidejutiapa.gob.gt\/wp-content\/uploads\/2024\/08\/01-16.jpg",900,600,false],"post-thumbnail":["https:\/\/munidejutiapa.gob.gt\/wp-content\/uploads\/2024\/08\/01-16.jpg",900,600,false],"mvp-post-thumb":["https:\/\/munidejutiapa.gob.gt\/wp-content\/uploads\/2024\/08\/01-16.jpg",900,600,false],"mvp-port-thumb":["https:\/\/munidejutiapa.gob.gt\/wp-content\/uploads\/2024\/08\/01-16-560x600.jpg",560,600,true],"mvp-large-thumb":["https:\/\/munidejutiapa.gob.gt\/wp-content\/uploads\/2024\/08\/01-16-590x354.jpg",590,354,true],"mvp-mid-thumb":["https:\/\/munidejutiapa.gob.gt\/wp-content\/uploads\/2024\/08\/01-16-400x240.jpg",400,240,true],"mvp-small-thumb":["https:\/\/munidejutiapa.gob.gt\/wp-content\/uploads\/2024\/08\/01-16-80x80.jpg",80,80,true]},"uagb_author_info":{"display_name":"Municipalidad de Jutiapa","author_link":"https:\/\/munidejutiapa.gob.gt\/?author=1"},"uagb_comment_info":0,"uagb_excerpt":"\u00a1Felicitamos a todos los ni\u00f1os que participaron en la elecci\u00f3n de ni\u00f1o(a) alcalde(sa) y su concejo municipal por un d\u00eda! Estamos orgullosos de presentar a Khaterine Alejandra Vel\u00e1squez como nuestra ni\u00f1a Alcaldesa Municipal, junto a su equipo: S\u00edndico I: Gerson Alexander Gudiel S\u00edndico II: Estuardo Josu\u00e9 Qui\u00f1onez S\u00edndico III: F\u00e1tima Andrea Coyoy S\u00edndico Suplente I:&hellip;","_links":{"self":[{"href":"https:\/\/munidejutiapa.gob.gt\/index.php?rest_route=\/wp\/v2\/posts\/16170"}],"collection":[{"href":"https:\/\/munidejutiapa.gob.gt\/index.php?rest_route=\/wp\/v2\/posts"}],"about":[{"href":"https:\/\/munidejutiapa.gob.gt\/index.php?rest_route=\/wp\/v2\/types\/post"}],"author":[{"embeddable":true,"href":"https:\/\/munidejutiapa.gob.gt\/index.php?rest_route=\/wp\/v2\/users\/1"}],"replies":[{"embeddable":true,"href":"https:\/\/munidejutiapa.gob.gt\/index.php?rest_route=%2Fwp%2Fv2%2Fcomments&post=16170"}],"version-history":[{"count":1,"href":"https:\/\/munidejutiapa.gob.gt\/index.php?rest_route=\/wp\/v2\/posts\/16170\/revisions"}],"predecessor-version":[{"id":16172,"href":"https:\/\/munidejutiapa.gob.gt\/index.php?rest_route=\/wp\/v2\/posts\/16170\/revisions\/16172"}],"wp:featuredmedia":[{"embeddable":true,"href":"https:\/\/munidejutiapa.gob.gt\/index.php?rest_route=\/wp\/v2\/media\/16171"}],"wp:attachment":[{"href":"https:\/\/munidejutiapa.gob.gt\/index.php?rest_route=%2Fwp%2Fv2%2Fmedia&parent=16170"}],"wp:term":[{"taxonomy":"category","embeddable":true,"href":"https:\/\/munidejutiapa.gob.gt\/index.php?rest_route=%2Fwp%2Fv2%2Fcategories&post=16170"},{"taxonomy":"post_tag","embeddable":true,"href":"https:\/\/munidejutiapa.gob.gt\/index.php?rest_route=%2Fwp%2Fv2%2Ftags&post=16170"}],"curies":[{"name":"wp","href":"https:\/\/api.w.org\/{rel}","templated":true}]}}