{"id":15465,"date":"2024-04-30T19:49:02","date_gmt":"2024-05-01T01:49:02","guid":{"rendered":"https:\/\/munidejutiapa.gob.gt\/?p=15465"},"modified":"2024-05-09T11:55:37","modified_gmt":"2024-05-09T17:55:37","slug":"felicidades-a-nuestros-brillantes-ganadores-del-concurso-de-declamacion","status":"publish","type":"post","link":"https:\/\/munidejutiapa.gob.gt\/?p=15465","title":{"rendered":"Felicidades a nuestros brillantes ganadores del concurso de declamaci\u00f3n"},"content":{"rendered":"<div class=\"xdj266r x11i5rnm xat24cr x1mh8g0r x1vvkbs x126k92a\">\n<div dir=\"auto\">\u00a0Zurisaday Garcia Gonz\u00e1lez de Colegio Evang\u00e9lico de educaci\u00f3n integral ELIM.<\/div>\n<\/div>\n<div class=\"x11i5rnm xat24cr x1mh8g0r x1vvkbs xtlvy1s x126k92a\">\n<div dir=\"auto\">Carlos X\u00f3m Moreno de Escuela oficial urbana mixta Barrio El C\u00f3ndor<\/div>\n<div dir=\"auto\">\u00a0Francis Osman L\u00f3pez de Colegio Evang\u00e9lico Vida Nueva.<\/div>\n<\/div>\n<div class=\"x11i5rnm xat24cr x1mh8g0r x1vvkbs xtlvy1s x126k92a\">\n<div dir=\"auto\">Han demostrado su talento en el arte de la palabra.<\/div>\n<div dir=\"auto\"><\/div>\n<div dir=\"auto\" style=\"text-align: justify;\">\u00a1Continuamos celebrando el arte y la expresi\u00f3n en nuestras escuelas!<\/div>\n<\/div>\n<p>&nbsp;<\/p>\n<p>&nbsp;<\/p>\n<div><\/div>\n","protected":false},"excerpt":{"rendered":"<p>\u00a0Zurisaday Garcia Gonz\u00e1lez de Colegio Evang\u00e9lico de educaci\u00f3n integral ELIM. Carlos X\u00f3m Moreno de Escuela oficial urbana mixta Barrio El C\u00f3ndor \u00a0Francis Osman L\u00f3pez de Colegio Evang\u00e9lico Vida Nueva. Han demostrado su talento en el arte de la palabra. \u00a1Continuamos celebrando el arte y la expresi\u00f3n en nuestras escuelas! &nbsp; &nbsp;<\/p>\n","protected":false},"author":1,"featured_media":15467,"comment_status":"closed","ping_status":"open","sticky":false,"template":"","format":"gallery","meta":{"_uag_custom_page_level_css":""},"categories":[2],"tags":[178],"uagb_featured_image_src":{"full":["https:\/\/munidejutiapa.gob.gt\/wp-content\/uploads\/2024\/04\/01-17.jpg",900,600,false],"thumbnail":["https:\/\/munidejutiapa.gob.gt\/wp-content\/uploads\/2024\/04\/01-17-150x150.jpg",150,150,true],"medium":["https:\/\/munidejutiapa.gob.gt\/wp-content\/uploads\/2024\/04\/01-17-300x200.jpg",300,200,true],"medium_large":["https:\/\/munidejutiapa.gob.gt\/wp-content\/uploads\/2024\/04\/01-17-768x512.jpg",740,493,true],"large":["https:\/\/munidejutiapa.gob.gt\/wp-content\/uploads\/2024\/04\/01-17.jpg",740,493,false],"1536x1536":["https:\/\/munidejutiapa.gob.gt\/wp-content\/uploads\/2024\/04\/01-17.jpg",900,600,false],"2048x2048":["https:\/\/munidejutiapa.gob.gt\/wp-content\/uploads\/2024\/04\/01-17.jpg",900,600,false],"post-thumbnail":["https:\/\/munidejutiapa.gob.gt\/wp-content\/uploads\/2024\/04\/01-17.jpg",900,600,false],"mvp-post-thumb":["https:\/\/munidejutiapa.gob.gt\/wp-content\/uploads\/2024\/04\/01-17.jpg",900,600,false],"mvp-port-thumb":["https:\/\/munidejutiapa.gob.gt\/wp-content\/uploads\/2024\/04\/01-17-560x600.jpg",560,600,true],"mvp-large-thumb":["https:\/\/munidejutiapa.gob.gt\/wp-content\/uploads\/2024\/04\/01-17-590x354.jpg",590,354,true],"mvp-mid-thumb":["https:\/\/munidejutiapa.gob.gt\/wp-content\/uploads\/2024\/04\/01-17-400x240.jpg",400,240,true],"mvp-small-thumb":["https:\/\/munidejutiapa.gob.gt\/wp-content\/uploads\/2024\/04\/01-17-80x80.jpg",80,80,true]},"uagb_author_info":{"display_name":"Municipalidad de Jutiapa","author_link":"https:\/\/munidejutiapa.gob.gt\/?author=1"},"uagb_comment_info":0,"uagb_excerpt":"\u00a0Zurisaday Garcia Gonz\u00e1lez de Colegio Evang\u00e9lico de educaci\u00f3n integral ELIM. Carlos X\u00f3m Moreno de Escuela oficial urbana mixta Barrio El C\u00f3ndor \u00a0Francis Osman L\u00f3pez de Colegio Evang\u00e9lico Vida Nueva. Han demostrado su talento en el arte de la palabra. \u00a1Continuamos celebrando el arte y la expresi\u00f3n en nuestras escuelas! &nbsp; &nbsp;","_links":{"self":[{"href":"https:\/\/munidejutiapa.gob.gt\/index.php?rest_route=\/wp\/v2\/posts\/15465"}],"collection":[{"href":"https:\/\/munidejutiapa.gob.gt\/index.php?rest_route=\/wp\/v2\/posts"}],"about":[{"href":"https:\/\/munidejutiapa.gob.gt\/index.php?rest_route=\/wp\/v2\/types\/post"}],"author":[{"embeddable":true,"href":"https:\/\/munidejutiapa.gob.gt\/index.php?rest_route=\/wp\/v2\/users\/1"}],"replies":[{"embeddable":true,"href":"https:\/\/munidejutiapa.gob.gt\/index.php?rest_route=%2Fwp%2Fv2%2Fcomments&post=15465"}],"version-history":[{"count":1,"href":"https:\/\/munidejutiapa.gob.gt\/index.php?rest_route=\/wp\/v2\/posts\/15465\/revisions"}],"predecessor-version":[{"id":15466,"href":"https:\/\/munidejutiapa.gob.gt\/index.php?rest_route=\/wp\/v2\/posts\/15465\/revisions\/15466"}],"wp:featuredmedia":[{"embeddable":true,"href":"https:\/\/munidejutiapa.gob.gt\/index.php?rest_route=\/wp\/v2\/media\/15467"}],"wp:attachment":[{"href":"https:\/\/munidejutiapa.gob.gt\/index.php?rest_route=%2Fwp%2Fv2%2Fmedia&parent=15465"}],"wp:term":[{"taxonomy":"category","embeddable":true,"href":"https:\/\/munidejutiapa.gob.gt\/index.php?rest_route=%2Fwp%2Fv2%2Fcategories&post=15465"},{"taxonomy":"post_tag","embeddable":true,"href":"https:\/\/munidejutiapa.gob.gt\/index.php?rest_route=%2Fwp%2Fv2%2Ftags&post=15465"}],"curies":[{"name":"wp","href":"https:\/\/api.w.org\/{rel}","templated":true}]}}